{"id":1,"date":"2020-01-24T08:00:32","date_gmt":"2020-01-24T08:00:32","guid":{"rendered":"https:\/\/aquilifer.at\/?p=1"},"modified":"2020-01-28T11:25:01","modified_gmt":"2020-01-28T11:25:01","slug":"dsgvo-seminar","status":"publish","type":"post","link":"https:\/\/aquilifer.at\/index.php\/2020\/01\/24\/dsgvo-seminar\/","title":{"rendered":"DSGVO Seminar"},"content":{"rendered":"<p><\/p>\n\n\n<\/p>\n<h3 class=\"wp-block-heading\">Seminare im M\u00e4rz und April 2020 zur EU Datenschutz Grundverordnung. Datenschutz f\u00fcr fortgeschrittene<br \/>Datenschutzbeauftragte\/-koordinatorInnen!<\/h3>\n<p>\n\n\n\n<\/p>\n<p>Seit 25. Mai 2018 ist die EU Datenschutz Grundverordnung (DSGVO) durchsetzbar. Datenschutzbeauftragte und FachexpertInnen aus dem Bereich der psychosozialen Dienste, welche im Zuge dieses Inkrafttretens der DSGVO die Grundausbildung absolviert haben, k\u00f6nnen mit dem vorliegenden Seminar von den neuesten praxisnahen Erkenntnissen profitieren und eine ReZertifizierung erlangen.<\/p>\n<p>\n\n\n\n<\/p>\n<h3 class=\"wp-block-heading\">Was bietet das Seminar?<\/h3>\n<p>\n\n\n\n<\/p>\n<p>Das Seminar ist auf 20 TeilnehmerInnen beschr\u00e4nktund richtet sich an Personen, die in einer Organisation Verantwortung in den Bereichen Management, Datenschutz oder Informationssicherheit tragen und welche die AGVGrundausbildung absolviert haben (Zertifikat zum Nachweis der theoretischen Ausbildung \u201eDatenschutzbeauftragte(r)\u201c oder einer vergleichbaren Ausbildung liegt vor \u2013 im Zweifel direkte Abkl\u00e4rung mit dem Vortragenden). Das Seminar behandelt in fachlichem Austausch mit den TeilnehmerInnen anhand der bisherigen Erfahrungen mit der DSGVO Schwerpunktthemen mit einem interdisziplin\u00e4ren Bogen aus Recht, Technik und Organisation F\u00fcr die Re-Zertifizierung auf weitere zwei Jahre ist die Anwesenheit ausreichend. Es gibt also keine Abschlusspr\u00fcfung, aber es wird die aktive Beteiligung der TeilnehmerInnen (Workshop, Arbeitsgruppe etc.) vorausgesetzt.<\/p>\n<p>\n\n\n\n<\/p>\n<h3 class=\"wp-block-heading\">\u00dcberblick der behandelten Themen<\/h3>\n<p>\n\n\n\n<\/p>\n<ul class=\"wp-block-list\">\n<li>Aktuelle Judikatur<\/li>\n<li>Die korrekte Rechtsgrundlage<\/li>\n<li>Datenschutzrechtliche Rollenkl\u00e4rung \u2013 Auftragsverarbeitung, gemeinsame Verantwortung<\/li>\n<li>Medienarbeit und Datenschutz<\/li>\n<li>Ehrenamt und Datenschutz<\/li>\n<li>Risikoanalyse und Datenschutzfolgeabsch\u00e4tzung \u2013 gemeinsames Durchspielen eines Beispiels<\/li>\n<li>Prozess zur Data-Breach-Meldung und genaue Kl\u00e4rung der Meldepflichten<\/li>\n<li>Datenschutz in Systemen zur KlientInnenDokumentation und \u2013Abrechnung<\/li>\n<li>L\u00f6schkonzepte &#8211; Aufbewahrungspflichten<\/li>\n<\/ul>\n<p>\n\n\n\n<\/p>\n<h3 class=\"wp-block-heading\">Vortragender<\/h3>\n<p>\n\n\n\n<\/p>\n<p>Der Vortragende unterrichtet unter anderem seit 2015 Datenschutz an der T\u00dcV Austria Akademie im Rahmen zertifizierter Ausbildungslehrg\u00e4nge. <br \/>Ing. Mag. Dr. iur. Christof Tschohl ist wissenschaftlicher Leiter und Gesellschafter der Research Institute AG &amp; Co KG (<a href=\"https:\/\/researchinstitute.at\/\">www.researchinstitute.at<\/a>) und vereint als Techniker, Jurist und Unternehmer die ma\u00dfgeblichen Disziplinen. Er ist einer der bekanntesten Datenschutzexperten des Landes.<\/p>\n<p>\n\n\n\n<\/p>\n<h3 class=\"wp-block-heading\">Zeit und Ort<\/h3>\n<p>\n\n\n\n<\/p>\n<p>Zeitraum: Fr\u00fchjahr 2020 \u2013 das Seminar wird an zwei Terminen angeboten (ab 10 Anmeldungen findet der jeweilige Termin statt)<br \/>05.03 und 06.03.20<br \/>01.04. und 02.04.20<br \/>Zeit: jeweils 8.30 bis 16.30 Uhr<br \/>Ort: Schulheim M\u00e4der<\/p>\n<p>\n\n\n<p><\/p>\n<p style=\"font-variant-ligatures: normal; font-variant-caps: normal; font-family: Roboto, sans-serif; font-style: normal;\"><strong>Kosten (alle Preisangaben inklusive 20% USt.)<br><\/strong>Die Kosten f\u00fcr beide Seminartage einschlie\u00dflich Skriptum, Handouts, Zertifikat und Mittagessen an allen Tagen betragen \u20ac1.020,- und sind vorab zu entrichten (Early-Bird-Preis \u20ac 960,- bei Einzahlung bis 31.01.2020). Bitte geben Sie die Rechnungsadresse bei der Anmeldung bekannt. F\u00fcr jede weitere, in der gleichen Institution angestellte Person, wird ein Nachlass von \u20ac 100,- brutto gew\u00e4hrt.<\/p>\n<p style=\"font-variant-ligatures: normal; font-variant-caps: normal; font-family: Roboto, sans-serif; font-size: 14px; font-style: normal;\"><b>Bankverbindung:<br><\/b>Aquilifer GmbH<br>IBAN: AT45 1952 0018 0001 4043<br>BIC: KRECAT2G<\/p>\n<p style=\"font-variant-ligatures: normal; font-variant-caps: normal; font-family: Roboto, sans-serif; font-style: normal;\"><strong>Anmeldung und Kontakt<br><\/strong>Organisation:&nbsp;Anmeldungen zum Seminar bitte an&nbsp;<a style=\"font-size: 14px;\" href=\"mailto:office@aquilifer.at\">office@aquilifer.at<\/a>&nbsp;oder&nbsp;<br>01 5243524.&nbsp;<br>Inhaltlicher Kontakt:&nbsp;<a style=\"font-size: 14px;\" href=\"mailto:christof.tschohl@researchinstitute.at\">christof.tschohl@researchinstitute.at<\/a><\/p>","protected":false},"excerpt":{"rendered":"<p>Seminare im M\u00e4rz und April 2020 zur EU Datenschutz Grundverordnung. Ing. Mag. Dr. iur. Christof Tschohl ist wissenschaftlicher Leiter und Gesellschafter der Research Institute AG &#038; Co KG. Er ist einer der bekanntesten Datenschutzexperten des Landes.<\/p>\n","protected":false},"author":1,"featured_media":0,"comment_status":"closed","ping_status":"open","sticky":true,"template":"","format":"standard","meta":{"inline_featured_image":false,"footnotes":""},"categories":[4],"tags":[],"class_list":["post-1","post","type-post","status-publish","format-standard","hentry","category-seminare","entry"],"yoast_head":"<!-- This site is optimized with the Yoast SEO plugin v25.3.1 - https:\/\/yoast.com\/wordpress\/plugins\/seo\/ -->\n<title>DSGVO Seminar - Aquilifer GmbH<\/title>\n<meta name=\"robots\" content=\"index, follow, max-snippet:-1, max-image-preview:large, max-video-preview:-1\" \/>\n<link rel=\"canonical\" href=\"https:\/\/aquilifer.at\/index.php\/2020\/01\/24\/dsgvo-seminar\/\" \/>\n<meta property=\"og:locale\" content=\"de_DE\" \/>\n<meta property=\"og:type\" content=\"article\" \/>\n<meta property=\"og:title\" content=\"DSGVO Seminar - Aquilifer GmbH\" \/>\n<meta property=\"og:description\" content=\"Seminare im M\u00e4rz und April 2020 zur EU Datenschutz Grundverordnung. Ing. Mag. Dr. iur. Christof Tschohl ist wissenschaftlicher Leiter und Gesellschafter der Research Institute AG &amp; Co KG. Er ist einer der bekanntesten Datenschutzexperten des Landes.\" \/>\n<meta property=\"og:url\" content=\"https:\/\/aquilifer.at\/index.php\/2020\/01\/24\/dsgvo-seminar\/\" \/>\n<meta property=\"og:site_name\" content=\"Aquilifer GmbH\" \/>\n<meta property=\"article:published_time\" content=\"2020-01-24T08:00:32+00:00\" \/>\n<meta property=\"article:modified_time\" content=\"2020-01-28T11:25:01+00:00\" \/>\n<meta name=\"author\" content=\"admin\" \/>\n<meta name=\"twitter:card\" content=\"summary_large_image\" \/>\n<meta name=\"twitter:label1\" content=\"Verfasst von\" \/>\n\t<meta name=\"twitter:data1\" content=\"admin\" \/>\n\t<meta name=\"twitter:label2\" content=\"Gesch\u00e4tzte Lesezeit\" \/>\n\t<meta name=\"twitter:data2\" content=\"2\u00a0Minuten\" \/>\n<script type=\"application\/ld+json\" class=\"yoast-schema-graph\">{\"@context\":\"https:\/\/schema.org\",\"@graph\":[{\"@type\":\"Article\",\"@id\":\"https:\/\/aquilifer.at\/index.php\/2020\/01\/24\/dsgvo-seminar\/#article\",\"isPartOf\":{\"@id\":\"https:\/\/aquilifer.at\/index.php\/2020\/01\/24\/dsgvo-seminar\/\"},\"author\":{\"name\":\"admin\",\"@id\":\"https:\/\/aquilifer.at\/#\/schema\/person\/22b3382cb71ccadae96b70d2a7179d89\"},\"headline\":\"DSGVO Seminar\",\"datePublished\":\"2020-01-24T08:00:32+00:00\",\"dateModified\":\"2020-01-28T11:25:01+00:00\",\"mainEntityOfPage\":{\"@id\":\"https:\/\/aquilifer.at\/index.php\/2020\/01\/24\/dsgvo-seminar\/\"},\"wordCount\":404,\"publisher\":{\"@id\":\"https:\/\/aquilifer.at\/#organization\"},\"articleSection\":[\"Seminare\"],\"inLanguage\":\"de\"},{\"@type\":\"WebPage\",\"@id\":\"https:\/\/aquilifer.at\/index.php\/2020\/01\/24\/dsgvo-seminar\/\",\"url\":\"https:\/\/aquilifer.at\/index.php\/2020\/01\/24\/dsgvo-seminar\/\",\"name\":\"DSGVO Seminar - Aquilifer GmbH\",\"isPartOf\":{\"@id\":\"https:\/\/aquilifer.at\/#website\"},\"datePublished\":\"2020-01-24T08:00:32+00:00\",\"dateModified\":\"2020-01-28T11:25:01+00:00\",\"breadcrumb\":{\"@id\":\"https:\/\/aquilifer.at\/index.php\/2020\/01\/24\/dsgvo-seminar\/#breadcrumb\"},\"inLanguage\":\"de\",\"potentialAction\":[{\"@type\":\"ReadAction\",\"target\":[\"https:\/\/aquilifer.at\/index.php\/2020\/01\/24\/dsgvo-seminar\/\"]}]},{\"@type\":\"BreadcrumbList\",\"@id\":\"https:\/\/aquilifer.at\/index.php\/2020\/01\/24\/dsgvo-seminar\/#breadcrumb\",\"itemListElement\":[{\"@type\":\"ListItem\",\"position\":1,\"name\":\"Home\",\"item\":\"https:\/\/aquilifer.at\/\"},{\"@type\":\"ListItem\",\"position\":2,\"name\":\"DSGVO Seminar\"}]},{\"@type\":\"WebSite\",\"@id\":\"https:\/\/aquilifer.at\/#website\",\"url\":\"https:\/\/aquilifer.at\/\",\"name\":\"Aquilifer GmbH\",\"description\":\"\",\"publisher\":{\"@id\":\"https:\/\/aquilifer.at\/#organization\"},\"potentialAction\":[{\"@type\":\"SearchAction\",\"target\":{\"@type\":\"EntryPoint\",\"urlTemplate\":\"https:\/\/aquilifer.at\/?s={search_term_string}\"},\"query-input\":{\"@type\":\"PropertyValueSpecification\",\"valueRequired\":true,\"valueName\":\"search_term_string\"}}],\"inLanguage\":\"de\"},{\"@type\":\"Organization\",\"@id\":\"https:\/\/aquilifer.at\/#organization\",\"name\":\"Aquilifer GmbH\",\"url\":\"https:\/\/aquilifer.at\/\",\"logo\":{\"@type\":\"ImageObject\",\"inLanguage\":\"de\",\"@id\":\"https:\/\/aquilifer.at\/#\/schema\/logo\/image\/\",\"url\":\"https:\/\/aquilifer.at\/wp-content\/uploads\/2020\/01\/AQL-Logo-4c-END.svg\",\"contentUrl\":\"https:\/\/aquilifer.at\/wp-content\/uploads\/2020\/01\/AQL-Logo-4c-END.svg\",\"width\":500,\"height\":135,\"caption\":\"Aquilifer GmbH\"},\"image\":{\"@id\":\"https:\/\/aquilifer.at\/#\/schema\/logo\/image\/\"}},{\"@type\":\"Person\",\"@id\":\"https:\/\/aquilifer.at\/#\/schema\/person\/22b3382cb71ccadae96b70d2a7179d89\",\"name\":\"admin\",\"url\":\"https:\/\/aquilifer.at\/index.php\/author\/office_x8eky33u\/\"}]}<\/script>\n<!-- \/ Yoast SEO plugin. -->","yoast_head_json":{"title":"DSGVO Seminar - Aquilifer GmbH","robots":{"index":"index","follow":"follow","max-snippet":"max-snippet:-1","max-image-preview":"max-image-preview:large","max-video-preview":"max-video-preview:-1"},"canonical":"https:\/\/aquilifer.at\/index.php\/2020\/01\/24\/dsgvo-seminar\/","og_locale":"de_DE","og_type":"article","og_title":"DSGVO Seminar - Aquilifer GmbH","og_description":"Seminare im M\u00e4rz und April 2020 zur EU Datenschutz Grundverordnung. Ing. Mag. Dr. iur. Christof Tschohl ist wissenschaftlicher Leiter und Gesellschafter der Research Institute AG & Co KG. Er ist einer der bekanntesten Datenschutzexperten des Landes.","og_url":"https:\/\/aquilifer.at\/index.php\/2020\/01\/24\/dsgvo-seminar\/","og_site_name":"Aquilifer GmbH","article_published_time":"2020-01-24T08:00:32+00:00","article_modified_time":"2020-01-28T11:25:01+00:00","author":"admin","twitter_card":"summary_large_image","twitter_misc":{"Verfasst von":"admin","Gesch\u00e4tzte Lesezeit":"2\u00a0Minuten"},"schema":{"@context":"https:\/\/schema.org","@graph":[{"@type":"Article","@id":"https:\/\/aquilifer.at\/index.php\/2020\/01\/24\/dsgvo-seminar\/#article","isPartOf":{"@id":"https:\/\/aquilifer.at\/index.php\/2020\/01\/24\/dsgvo-seminar\/"},"author":{"name":"admin","@id":"https:\/\/aquilifer.at\/#\/schema\/person\/22b3382cb71ccadae96b70d2a7179d89"},"headline":"DSGVO Seminar","datePublished":"2020-01-24T08:00:32+00:00","dateModified":"2020-01-28T11:25:01+00:00","mainEntityOfPage":{"@id":"https:\/\/aquilifer.at\/index.php\/2020\/01\/24\/dsgvo-seminar\/"},"wordCount":404,"publisher":{"@id":"https:\/\/aquilifer.at\/#organization"},"articleSection":["Seminare"],"inLanguage":"de"},{"@type":"WebPage","@id":"https:\/\/aquilifer.at\/index.php\/2020\/01\/24\/dsgvo-seminar\/","url":"https:\/\/aquilifer.at\/index.php\/2020\/01\/24\/dsgvo-seminar\/","name":"DSGVO Seminar - Aquilifer GmbH","isPartOf":{"@id":"https:\/\/aquilifer.at\/#website"},"datePublished":"2020-01-24T08:00:32+00:00","dateModified":"2020-01-28T11:25:01+00:00","breadcrumb":{"@id":"https:\/\/aquilifer.at\/index.php\/2020\/01\/24\/dsgvo-seminar\/#breadcrumb"},"inLanguage":"de","potentialAction":[{"@type":"ReadAction","target":["https:\/\/aquilifer.at\/index.php\/2020\/01\/24\/dsgvo-seminar\/"]}]},{"@type":"BreadcrumbList","@id":"https:\/\/aquilifer.at\/index.php\/2020\/01\/24\/dsgvo-seminar\/#breadcrumb","itemListElement":[{"@type":"ListItem","position":1,"name":"Home","item":"https:\/\/aquilifer.at\/"},{"@type":"ListItem","position":2,"name":"DSGVO Seminar"}]},{"@type":"WebSite","@id":"https:\/\/aquilifer.at\/#website","url":"https:\/\/aquilifer.at\/","name":"Aquilifer GmbH","description":"","publisher":{"@id":"https:\/\/aquilifer.at\/#organization"},"potentialAction":[{"@type":"SearchAction","target":{"@type":"EntryPoint","urlTemplate":"https:\/\/aquilifer.at\/?s={search_term_string}"},"query-input":{"@type":"PropertyValueSpecification","valueRequired":true,"valueName":"search_term_string"}}],"inLanguage":"de"},{"@type":"Organization","@id":"https:\/\/aquilifer.at\/#organization","name":"Aquilifer GmbH","url":"https:\/\/aquilifer.at\/","logo":{"@type":"ImageObject","inLanguage":"de","@id":"https:\/\/aquilifer.at\/#\/schema\/logo\/image\/","url":"https:\/\/aquilifer.at\/wp-content\/uploads\/2020\/01\/AQL-Logo-4c-END.svg","contentUrl":"https:\/\/aquilifer.at\/wp-content\/uploads\/2020\/01\/AQL-Logo-4c-END.svg","width":500,"height":135,"caption":"Aquilifer GmbH"},"image":{"@id":"https:\/\/aquilifer.at\/#\/schema\/logo\/image\/"}},{"@type":"Person","@id":"https:\/\/aquilifer.at\/#\/schema\/person\/22b3382cb71ccadae96b70d2a7179d89","name":"admin","url":"https:\/\/aquilifer.at\/index.php\/author\/office_x8eky33u\/"}]}},"_links":{"self":[{"href":"https:\/\/aquilifer.at\/index.php\/wp-json\/wp\/v2\/posts\/1","targetHints":{"allow":["GET"]}}],"collection":[{"href":"https:\/\/aquilifer.at\/index.php\/wp-json\/wp\/v2\/posts"}],"about":[{"href":"https:\/\/aquilifer.at\/index.php\/wp-json\/wp\/v2\/types\/post"}],"author":[{"embeddable":true,"href":"https:\/\/aquilifer.at\/index.php\/wp-json\/wp\/v2\/users\/1"}],"replies":[{"embeddable":true,"href":"https:\/\/aquilifer.at\/index.php\/wp-json\/wp\/v2\/comments?post=1"}],"version-history":[{"count":7,"href":"https:\/\/aquilifer.at\/index.php\/wp-json\/wp\/v2\/posts\/1\/revisions"}],"predecessor-version":[{"id":145,"href":"https:\/\/aquilifer.at\/index.php\/wp-json\/wp\/v2\/posts\/1\/revisions\/145"}],"wp:attachment":[{"href":"https:\/\/aquilifer.at\/index.php\/wp-json\/wp\/v2\/media?parent=1"}],"wp:term":[{"taxonomy":"category","embeddable":true,"href":"https:\/\/aquilifer.at\/index.php\/wp-json\/wp\/v2\/categories?post=1"},{"taxonomy":"post_tag","embeddable":true,"href":"https:\/\/aquilifer.at\/index.php\/wp-json\/wp\/v2\/tags?post=1"}],"curies":[{"name":"wp","href":"https:\/\/api.w.org\/{rel}","templated":true}]}}